{"id":15509,"date":"2025-06-14T01:28:33","date_gmt":"2025-06-13T23:28:33","guid":{"rendered":"https:\/\/alaam-technology.com\/?p=15509"},"modified":"2025-06-14T01:28:33","modified_gmt":"2025-06-13T23:28:33","slug":"diego-simeone-delivers-good-news-to-blaugrana-fans-and-reveals-the-date-of-his-first-team-star-julian-alvarezs-move-to-barcelona","status":"publish","type":"post","link":"https:\/\/alaam-technology.com\/?p=15509","title":{"rendered":"Diego Simeone delivers good news to Blaugrana fans and reveals the date of his first-team star Juli\u00e1n \u00c1lvarez\u2019s move to Barcelona!"},"content":{"rendered":"<p dir=\"ltr\">Under the leadership of its new management and ambitious technical staff, Barcelona is seeking to regain its place among Europe\u2019s elite and end its years of absence from continental glory. To this end, the club is moving aggressively in the transfer market to strengthen its ranks with the best players available globally. The objective is clear: to win the Champions League again and return to making history in the competition. In this context, several prominent names have emerged on the negotiating table.<\/p>\n<p dir=\"ltr\">In the same context, Atl\u00e9tico Madrid coach Diego Simeone confirmed that Barcelona is among the clubs interested in signing Argentine striker Juli\u00e1n \u00c1lvarez, who had an exceptional season with Los Rojiblancos following his transfer from Manchester City last summer.<\/p>\n<p dir=\"ltr\">Simeone&#8217;s comments came during an interview with Atl\u00e9tico Universe, where he expressed pride in the player\u2019s performances while acknowledging the growing interest from Europe\u2019s top clubs\u2014led by Barcelona.<\/p>\n<p dir=\"ltr\">\u201cHe\u2019s one of ours, and we have to protect him,\u201d said Simeone, reaffirming his commitment to the 25-year-old striker. He added, \u201cHe\u2019s an exceptional player\u2014humble, hardworking, and a natural goalscorer. It\u2019s only natural that the big clubs are going after him.\u201d<\/p>\n<p dir=\"ltr\">Simeone was also candid in his assessment: \u201cIf we fail to win any major titles next season, \u00c1lvarez will likely move to Barcelona to fulfill his ambitions of winning trophies and competing for individual honors.\u201d<\/p>\n","protected":false},"excerpt":{"rendered":"<p>Under the leadership of its new management and ambitious technical staff, Barcelona is seeking to regain its place among Europe\u2019s elite and end its years of absence from continental glory. To this end, the club is moving aggressively in the transfer market to strengthen its ranks with the best players available globally. The objective is [&hellip;]<\/p>\n","protected":false},"author":4,"featured_media":15514,"comment_status":"open","ping_status":"open","sticky":false,"template":"","format":"standard","meta":{"site-sidebar-layout":"default","site-content-layout":"","ast-site-content-layout":"default","site-content-style":"default","site-sidebar-style":"default","ast-global-header-display":"","ast-banner-title-visibility":"","ast-main-header-display":"","ast-hfb-above-header-display":"","ast-hfb-below-header-display":"","ast-hfb-mobile-header-display":"","site-post-title":"","ast-breadcrumbs-content":"","ast-featured-img":"","footer-sml-layout":"","ast-disable-related-posts":"","theme-transparent-header-meta":"default","adv-header-id-meta":"","stick-header-meta":"","header-above-stick-meta":"","header-main-stick-meta":"","header-below-stick-meta":"","astra-migrate-meta-layouts":"set","ast-page-background-enabled":"default","ast-page-background-meta":{"desktop":{"background-color":"var(--ast-global-color-4)","background-image":"","background-repeat":"repeat","background-position":"center center","background-size":"auto","background-attachment":"scroll","background-type":"","background-media":"","overlay-type":"","overlay-color":"","overlay-opacity":"","overlay-gradient":""},"tablet":{"background-color":"","background-image":"","background-repeat":"repeat","background-position":"center center","background-size":"auto","background-attachment":"scroll","background-type":"","background-media":"","overlay-type":"","overlay-color":"","overlay-opacity":"","overlay-gradient":""},"mobile":{"background-color":"","background-image":"","background-repeat":"repeat","background-position":"center center","background-size":"auto","background-attachment":"scroll","background-type":"","background-media":"","overlay-type":"","overlay-color":"","overlay-opacity":"","overlay-gradient":""}},"ast-content-background-meta":{"desktop":{"background-color":"var(--ast-global-color-5)","background-image":"","background-repeat":"repeat","background-position":"center center","background-size":"auto","background-attachment":"scroll","background-type":"","background-media":"","overlay-type":"","overlay-color":"","overlay-opacity":"","overlay-gradient":""},"tablet":{"background-color":"var(--ast-global-color-5)","background-image":"","background-repeat":"repeat","background-position":"center center","background-size":"auto","background-attachment":"scroll","background-type":"","background-media":"","overlay-type":"","overlay-color":"","overlay-opacity":"","overlay-gradient":""},"mobile":{"background-color":"var(--ast-global-color-5)","background-image":"","background-repeat":"repeat","background-position":"center center","background-size":"auto","background-attachment":"scroll","background-type":"","background-media":"","overlay-type":"","overlay-color":"","overlay-opacity":"","overlay-gradient":""}},"footnotes":""},"categories":[5],"tags":[],"class_list":["post-15509","post","type-post","status-publish","format-standard","has-post-thumbnail","hentry","category-h-barcelona-english"],"yoast_head":"<!-- This site is optimized with the Yoast SEO plugin v24.7 - https:\/\/yoast.com\/wordpress\/plugins\/seo\/ -->\n<title>Diego Simeone delivers good news to Blaugrana fans and reveals the date of his first-team star Juli\u00e1n \u00c1lvarez\u2019s move to Barcelona!<\/title>\n<meta name=\"robots\" content=\"index, follow, max-snippet:-1, max-image-preview:large, max-video-preview:-1\" \/>\n<link rel=\"canonical\" href=\"https:\/\/alaam-technology.com\/?p=15509\" \/>\n<meta property=\"og:locale\" content=\"en_US\" \/>\n<meta property=\"og:type\" content=\"article\" \/>\n<meta property=\"og:title\" content=\"Diego Simeone delivers good news to Blaugrana fans and reveals the date of his first-team star Juli\u00e1n \u00c1lvarez\u2019s move to Barcelona!\" \/>\n<meta property=\"og:description\" content=\"Under the leadership of its new management and ambitious technical staff, Barcelona is seeking to regain its place among Europe\u2019s elite and end its years of absence from continental glory. To this end, the club is moving aggressively in the transfer market to strengthen its ranks with the best players available globally. The objective is [&hellip;]\" \/>\n<meta property=\"og:url\" content=\"https:\/\/alaam-technology.com\/?p=15509\" \/>\n<meta property=\"og:site_name\" content=\"alaam football today\" \/>\n<meta property=\"article:published_time\" content=\"2025-06-13T23:28:33+00:00\" \/>\n<meta property=\"og:image\" content=\"https:\/\/alaam-technology.com\/wp-content\/uploads\/2025\/06\/simalva.jpg\" \/>\n\t<meta property=\"og:image:width\" content=\"1290\" \/>\n\t<meta property=\"og:image:height\" content=\"760\" \/>\n\t<meta property=\"og:image:type\" content=\"image\/jpeg\" \/>\n<meta name=\"author\" content=\"Ahmed\" \/>\n<meta name=\"twitter:card\" content=\"summary_large_image\" \/>\n<meta name=\"twitter:label1\" content=\"Written by\" \/>\n\t<meta name=\"twitter:data1\" content=\"Ahmed\" \/>\n\t<meta name=\"twitter:label2\" content=\"Est. reading time\" \/>\n\t<meta name=\"twitter:data2\" content=\"2 minutes\" \/>\n<script type=\"application\/ld+json\" class=\"yoast-schema-graph\">{\"@context\":\"https:\/\/schema.org\",\"@graph\":[{\"@type\":\"Article\",\"@id\":\"https:\/\/alaam-technology.com\/?p=15509#article\",\"isPartOf\":{\"@id\":\"https:\/\/alaam-technology.com\/?p=15509\"},\"author\":{\"name\":\"Ahmed\",\"@id\":\"https:\/\/alaam-technology.com\/#\/schema\/person\/6f29f87fde1184687380ed73dd9c08a7\"},\"headline\":\"Diego Simeone delivers good news to Blaugrana fans and reveals the date of his first-team star Juli\u00e1n \u00c1lvarez\u2019s move to Barcelona!\",\"datePublished\":\"2025-06-13T23:28:33+00:00\",\"mainEntityOfPage\":{\"@id\":\"https:\/\/alaam-technology.com\/?p=15509\"},\"wordCount\":260,\"commentCount\":0,\"publisher\":{\"@id\":\"https:\/\/alaam-technology.com\/#organization\"},\"image\":{\"@id\":\"https:\/\/alaam-technology.com\/?p=15509#primaryimage\"},\"thumbnailUrl\":\"https:\/\/alaam-technology.com\/wp-content\/uploads\/2025\/06\/simalva.jpg\",\"articleSection\":[\"H, BARCELONA ENGLISH\"],\"inLanguage\":\"en-US\",\"potentialAction\":[{\"@type\":\"CommentAction\",\"name\":\"Comment\",\"target\":[\"https:\/\/alaam-technology.com\/?p=15509#respond\"]}]},{\"@type\":\"WebPage\",\"@id\":\"https:\/\/alaam-technology.com\/?p=15509\",\"url\":\"https:\/\/alaam-technology.com\/?p=15509\",\"name\":\"Diego Simeone delivers good news to Blaugrana fans and reveals the date of his first-team star Juli\u00e1n \u00c1lvarez\u2019s move to Barcelona!\",\"isPartOf\":{\"@id\":\"https:\/\/alaam-technology.com\/#website\"},\"primaryImageOfPage\":{\"@id\":\"https:\/\/alaam-technology.com\/?p=15509#primaryimage\"},\"image\":{\"@id\":\"https:\/\/alaam-technology.com\/?p=15509#primaryimage\"},\"thumbnailUrl\":\"https:\/\/alaam-technology.com\/wp-content\/uploads\/2025\/06\/simalva.jpg\",\"datePublished\":\"2025-06-13T23:28:33+00:00\",\"breadcrumb\":{\"@id\":\"https:\/\/alaam-technology.com\/?p=15509#breadcrumb\"},\"inLanguage\":\"en-US\",\"potentialAction\":[{\"@type\":\"ReadAction\",\"target\":[\"https:\/\/alaam-technology.com\/?p=15509\"]}]},{\"@type\":\"ImageObject\",\"inLanguage\":\"en-US\",\"@id\":\"https:\/\/alaam-technology.com\/?p=15509#primaryimage\",\"url\":\"https:\/\/alaam-technology.com\/wp-content\/uploads\/2025\/06\/simalva.jpg\",\"contentUrl\":\"https:\/\/alaam-technology.com\/wp-content\/uploads\/2025\/06\/simalva.jpg\",\"width\":1290,\"height\":760},{\"@type\":\"BreadcrumbList\",\"@id\":\"https:\/\/alaam-technology.com\/?p=15509#breadcrumb\",\"itemListElement\":[{\"@type\":\"ListItem\",\"position\":1,\"name\":\"\u0627\u0644\u0631\u0626\u064a\u0633\u064a\u0629\",\"item\":\"https:\/\/alaam-technology.com\/\"},{\"@type\":\"ListItem\",\"position\":2,\"name\":\"Diego Simeone delivers good news to Blaugrana fans and reveals the date of his first-team star Juli\u00e1n \u00c1lvarez\u2019s move to Barcelona!\"}]},{\"@type\":\"WebSite\",\"@id\":\"https:\/\/alaam-technology.com\/#website\",\"url\":\"https:\/\/alaam-technology.com\/\",\"name\":\"alaam football today\",\"description\":\"Daily Football News &amp; Highlights\",\"publisher\":{\"@id\":\"https:\/\/alaam-technology.com\/#organization\"},\"potentialAction\":[{\"@type\":\"SearchAction\",\"target\":{\"@type\":\"EntryPoint\",\"urlTemplate\":\"https:\/\/alaam-technology.com\/?s={search_term_string}\"},\"query-input\":{\"@type\":\"PropertyValueSpecification\",\"valueRequired\":true,\"valueName\":\"search_term_string\"}}],\"inLanguage\":\"en-US\"},{\"@type\":\"Organization\",\"@id\":\"https:\/\/alaam-technology.com\/#organization\",\"name\":\"alaam football today\",\"url\":\"https:\/\/alaam-technology.com\/\",\"logo\":{\"@type\":\"ImageObject\",\"inLanguage\":\"en-US\",\"@id\":\"https:\/\/alaam-technology.com\/#\/schema\/logo\/image\/\",\"url\":\"https:\/\/alaam-technology.com\/wp-content\/uploads\/2025\/07\/cropped-preview-1.webp\",\"contentUrl\":\"https:\/\/alaam-technology.com\/wp-content\/uploads\/2025\/07\/cropped-preview-1.webp\",\"width\":1024,\"height\":341,\"caption\":\"alaam football today\"},\"image\":{\"@id\":\"https:\/\/alaam-technology.com\/#\/schema\/logo\/image\/\"}},{\"@type\":\"Person\",\"@id\":\"https:\/\/alaam-technology.com\/#\/schema\/person\/6f29f87fde1184687380ed73dd9c08a7\",\"name\":\"Ahmed\",\"image\":{\"@type\":\"ImageObject\",\"inLanguage\":\"en-US\",\"@id\":\"https:\/\/alaam-technology.com\/#\/schema\/person\/image\/\",\"url\":\"https:\/\/secure.gravatar.com\/avatar\/c2efa2cd4eff9e7cde3a09bc53a3fbe5edf3dfe1d9cc2a7be8cadafbed61e027?s=96&d=mm&r=g\",\"contentUrl\":\"https:\/\/secure.gravatar.com\/avatar\/c2efa2cd4eff9e7cde3a09bc53a3fbe5edf3dfe1d9cc2a7be8cadafbed61e027?s=96&d=mm&r=g\",\"caption\":\"Ahmed\"},\"url\":\"https:\/\/alaam-technology.com\/?author=4\"}]}<\/script>\n<!-- \/ Yoast SEO plugin. -->","yoast_head_json":{"title":"Diego Simeone delivers good news to Blaugrana fans and reveals the date of his first-team star Juli\u00e1n \u00c1lvarez\u2019s move to Barcelona!","robots":{"index":"index","follow":"follow","max-snippet":"max-snippet:-1","max-image-preview":"max-image-preview:large","max-video-preview":"max-video-preview:-1"},"canonical":"https:\/\/alaam-technology.com\/?p=15509","og_locale":"en_US","og_type":"article","og_title":"Diego Simeone delivers good news to Blaugrana fans and reveals the date of his first-team star Juli\u00e1n \u00c1lvarez\u2019s move to Barcelona!","og_description":"Under the leadership of its new management and ambitious technical staff, Barcelona is seeking to regain its place among Europe\u2019s elite and end its years of absence from continental glory. To this end, the club is moving aggressively in the transfer market to strengthen its ranks with the best players available globally. The objective is [&hellip;]","og_url":"https:\/\/alaam-technology.com\/?p=15509","og_site_name":"alaam football today","article_published_time":"2025-06-13T23:28:33+00:00","og_image":[{"width":1290,"height":760,"url":"https:\/\/alaam-technology.com\/wp-content\/uploads\/2025\/06\/simalva.jpg","type":"image\/jpeg"}],"author":"Ahmed","twitter_card":"summary_large_image","twitter_misc":{"Written by":"Ahmed","Est. reading time":"2 minutes"},"schema":{"@context":"https:\/\/schema.org","@graph":[{"@type":"Article","@id":"https:\/\/alaam-technology.com\/?p=15509#article","isPartOf":{"@id":"https:\/\/alaam-technology.com\/?p=15509"},"author":{"name":"Ahmed","@id":"https:\/\/alaam-technology.com\/#\/schema\/person\/6f29f87fde1184687380ed73dd9c08a7"},"headline":"Diego Simeone delivers good news to Blaugrana fans and reveals the date of his first-team star Juli\u00e1n \u00c1lvarez\u2019s move to Barcelona!","datePublished":"2025-06-13T23:28:33+00:00","mainEntityOfPage":{"@id":"https:\/\/alaam-technology.com\/?p=15509"},"wordCount":260,"commentCount":0,"publisher":{"@id":"https:\/\/alaam-technology.com\/#organization"},"image":{"@id":"https:\/\/alaam-technology.com\/?p=15509#primaryimage"},"thumbnailUrl":"https:\/\/alaam-technology.com\/wp-content\/uploads\/2025\/06\/simalva.jpg","articleSection":["H, BARCELONA ENGLISH"],"inLanguage":"en-US","potentialAction":[{"@type":"CommentAction","name":"Comment","target":["https:\/\/alaam-technology.com\/?p=15509#respond"]}]},{"@type":"WebPage","@id":"https:\/\/alaam-technology.com\/?p=15509","url":"https:\/\/alaam-technology.com\/?p=15509","name":"Diego Simeone delivers good news to Blaugrana fans and reveals the date of his first-team star Juli\u00e1n \u00c1lvarez\u2019s move to Barcelona!","isPartOf":{"@id":"https:\/\/alaam-technology.com\/#website"},"primaryImageOfPage":{"@id":"https:\/\/alaam-technology.com\/?p=15509#primaryimage"},"image":{"@id":"https:\/\/alaam-technology.com\/?p=15509#primaryimage"},"thumbnailUrl":"https:\/\/alaam-technology.com\/wp-content\/uploads\/2025\/06\/simalva.jpg","datePublished":"2025-06-13T23:28:33+00:00","breadcrumb":{"@id":"https:\/\/alaam-technology.com\/?p=15509#breadcrumb"},"inLanguage":"en-US","potentialAction":[{"@type":"ReadAction","target":["https:\/\/alaam-technology.com\/?p=15509"]}]},{"@type":"ImageObject","inLanguage":"en-US","@id":"https:\/\/alaam-technology.com\/?p=15509#primaryimage","url":"https:\/\/alaam-technology.com\/wp-content\/uploads\/2025\/06\/simalva.jpg","contentUrl":"https:\/\/alaam-technology.com\/wp-content\/uploads\/2025\/06\/simalva.jpg","width":1290,"height":760},{"@type":"BreadcrumbList","@id":"https:\/\/alaam-technology.com\/?p=15509#breadcrumb","itemListElement":[{"@type":"ListItem","position":1,"name":"\u0627\u0644\u0631\u0626\u064a\u0633\u064a\u0629","item":"https:\/\/alaam-technology.com\/"},{"@type":"ListItem","position":2,"name":"Diego Simeone delivers good news to Blaugrana fans and reveals the date of his first-team star Juli\u00e1n \u00c1lvarez\u2019s move to Barcelona!"}]},{"@type":"WebSite","@id":"https:\/\/alaam-technology.com\/#website","url":"https:\/\/alaam-technology.com\/","name":"alaam football today","description":"Daily Football News &amp; Highlights","publisher":{"@id":"https:\/\/alaam-technology.com\/#organization"},"potentialAction":[{"@type":"SearchAction","target":{"@type":"EntryPoint","urlTemplate":"https:\/\/alaam-technology.com\/?s={search_term_string}"},"query-input":{"@type":"PropertyValueSpecification","valueRequired":true,"valueName":"search_term_string"}}],"inLanguage":"en-US"},{"@type":"Organization","@id":"https:\/\/alaam-technology.com\/#organization","name":"alaam football today","url":"https:\/\/alaam-technology.com\/","logo":{"@type":"ImageObject","inLanguage":"en-US","@id":"https:\/\/alaam-technology.com\/#\/schema\/logo\/image\/","url":"https:\/\/alaam-technology.com\/wp-content\/uploads\/2025\/07\/cropped-preview-1.webp","contentUrl":"https:\/\/alaam-technology.com\/wp-content\/uploads\/2025\/07\/cropped-preview-1.webp","width":1024,"height":341,"caption":"alaam football today"},"image":{"@id":"https:\/\/alaam-technology.com\/#\/schema\/logo\/image\/"}},{"@type":"Person","@id":"https:\/\/alaam-technology.com\/#\/schema\/person\/6f29f87fde1184687380ed73dd9c08a7","name":"Ahmed","image":{"@type":"ImageObject","inLanguage":"en-US","@id":"https:\/\/alaam-technology.com\/#\/schema\/person\/image\/","url":"https:\/\/secure.gravatar.com\/avatar\/c2efa2cd4eff9e7cde3a09bc53a3fbe5edf3dfe1d9cc2a7be8cadafbed61e027?s=96&d=mm&r=g","contentUrl":"https:\/\/secure.gravatar.com\/avatar\/c2efa2cd4eff9e7cde3a09bc53a3fbe5edf3dfe1d9cc2a7be8cadafbed61e027?s=96&d=mm&r=g","caption":"Ahmed"},"url":"https:\/\/alaam-technology.com\/?author=4"}]}},"_links":{"self":[{"href":"https:\/\/alaam-technology.com\/index.php?rest_route=\/wp\/v2\/posts\/15509","targetHints":{"allow":["GET"]}}],"collection":[{"href":"https:\/\/alaam-technology.com\/index.php?rest_route=\/wp\/v2\/posts"}],"about":[{"href":"https:\/\/alaam-technology.com\/index.php?rest_route=\/wp\/v2\/types\/post"}],"author":[{"embeddable":true,"href":"https:\/\/alaam-technology.com\/index.php?rest_route=\/wp\/v2\/users\/4"}],"replies":[{"embeddable":true,"href":"https:\/\/alaam-technology.com\/index.php?rest_route=%2Fwp%2Fv2%2Fcomments&post=15509"}],"version-history":[{"count":1,"href":"https:\/\/alaam-technology.com\/index.php?rest_route=\/wp\/v2\/posts\/15509\/revisions"}],"predecessor-version":[{"id":15518,"href":"https:\/\/alaam-technology.com\/index.php?rest_route=\/wp\/v2\/posts\/15509\/revisions\/15518"}],"wp:featuredmedia":[{"embeddable":true,"href":"https:\/\/alaam-technology.com\/index.php?rest_route=\/wp\/v2\/media\/15514"}],"wp:attachment":[{"href":"https:\/\/alaam-technology.com\/index.php?rest_route=%2Fwp%2Fv2%2Fmedia&parent=15509"}],"wp:term":[{"taxonomy":"category","embeddable":true,"href":"https:\/\/alaam-technology.com\/index.php?rest_route=%2Fwp%2Fv2%2Fcategories&post=15509"},{"taxonomy":"post_tag","embeddable":true,"href":"https:\/\/alaam-technology.com\/index.php?rest_route=%2Fwp%2Fv2%2Ftags&post=15509"}],"curies":[{"name":"wp","href":"https:\/\/api.w.org\/{rel}","templated":true}]}}